{
    "id": 2204,
    "date": "2024-07-10T12:40:34",
    "date_gmt": "2024-07-10T11:40:34",
    "guid": {
        "rendered": "https:\/\/viariumgroup.com\/?p=2204"
    },
    "modified": "2024-07-10T12:40:35",
    "modified_gmt": "2024-07-10T11:40:35",
    "slug": "remodelacion-integral-area-terminal-del-aeropuerto-de-tenerife",
    "status": "publish",
    "type": "post",
    "link": "https:\/\/viariumgroup.com\/es\/blog\/remodelacion-integral-area-terminal-del-aeropuerto-de-tenerife\/",
    "title": {
        "rendered": "Remodelaci\u00f3n del \u00e1rea terminal del aeropuerto de Tenerife Sur"
    },
    "content": {
        "rendered": "<p><strong>La Direcci\u00f3n de Infraestructuras de Aena ha iniciado el proyecto de \u00abRemodelaci\u00f3n Integral del \u00c1rea Terminal\u00bb del Aeropuerto de Tenerife Sur, con un plazo de ejecuci\u00f3n entre 2024 y 2034 y una inversi\u00f3n de m\u00e1s de 300.000.000,00 \u20ac.<\/strong><\/p>\n\n\n\n<div style=\"height:48px\" aria-hidden=\"true\" class=\"wp-block-spacer\"><\/div>\n\n\n\n<h2 class=\"wp-block-heading\"><strong>Viarium, en consorcio con Gesnaer, ser\u00e1n los encargados de la asistencia t\u00e9cnica de Project Management de este ambicioso proyecto.<\/strong><\/h2>\n\n\n\n<p>El <strong>proyecto de remodelaci\u00f3n del Aeropuerto de Tenerife Sur<\/strong> es una iniciativa ambiciosa y de gran envergadura que tiene como objetivo transformar y modernizar una de las principales puertas de entrada a las Islas Canarias. Este proyecto no solo se centra en la actualizaci\u00f3n de las infraestructuras existentes, sino que tambi\u00e9n busca expandir las capacidades operativas del aeropuerto para satisfacer la demanda de pasajeros y mejorar la experiencia general de los usuarios. Este contrato gestionado por Viarium forma parte del proyecto de remodelaci\u00f3n integral del \u00e1rea terminal del Aeropuerto de Tenerife Sur, incluido en la propuesta de DORA III. Esta iniciativa representa una inversi\u00f3n inicial estimada de m\u00e1s de 300 millones de euros, destinada a transformar y modernizar significativamente el aeropuerto.<\/p>\n\n\n\n<p>El proyecto tiene como objetivo integrar todo el \u00e1rea terminal, no solo desde una perspectiva arquitect\u00f3nica sino tambi\u00e9n armonizando con su entorno. Esta transformaci\u00f3n ofrecer\u00e1 una experiencia m\u00e1s fluida y agradable a los pasajeros. Las mejoras planeadas, pendientes de la redacci\u00f3n del proyecto definitivo, incluyen:<\/p>\n\n\n\n<ul class=\"wp-block-list\">\n<li><strong>Nuevos aparcamientos y accesos:<\/strong> Mejorando la conveniencia y accesibilidad para los viajeros.<\/li>\n\n\n\n<li><strong>Revisi\u00f3n de la urbanizaci\u00f3n y paisajismo<\/strong>: Creando espacios m\u00e1s verdes y agradables.<\/li>\n\n\n\n<li><strong>Adecuaci\u00f3n de la sala de recogida de equipajes:<\/strong> Agilizando el proceso y mejorando el confort.<\/li>\n\n\n\n<li><strong>Ampliaci\u00f3n de las zonas de facturaci\u00f3n y embarque:<\/strong> Reduciendo tiempos de espera y facilitando el flujo de pasajeros.<\/li>\n\n\n\n<li><strong>Incorporaci\u00f3n de m\u00e1s servicios comerciales: <\/strong>Ofreciendo una mayor variedad de tiendas y restaurantes para enriquecer la experiencia de los viajeros.<\/li>\n<\/ul>\n\n\n\n<div style=\"height:32px\" aria-hidden=\"true\" class=\"wp-block-spacer\"><\/div>\n\n\n\n<p>Para gestionar este proyecto y otras obras complementarias, Viarium asumir\u00e1 cuatro \u00e1reas clave: gesti\u00f3n del proyecto, direcci\u00f3n t\u00e9cnica, servicio t\u00e9cnico especializado y certificaci\u00f3n BREEAM.<\/p>\n\n\n\n<ul class=\"wp-block-list\">\n<li><strong>Gesti\u00f3n del Proyecto (Project Management &#8211; PM)<\/strong> Este servicio se encargar\u00e1 de coordinar y gestionar todas las acciones necesarias para el desarrollo de los proyectos en el Aeropuerto de Tenerife Sur. Incluir\u00e1 la creaci\u00f3n de una Oficina de Project Management (PMO) que organizar\u00e1 y definir\u00e1 las estructuras jer\u00e1rquicas, as\u00ed como una Matriz de Responsabilidades para todos los participantes.<\/li>\n\n\n\n<li><strong>Direcci\u00f3n T\u00e9cnica de Proyectos<\/strong> Esta \u00e1rea se enfocar\u00e1 en la direcci\u00f3n t\u00e9cnica y asesoramiento durante la ejecuci\u00f3n de las obras. Supervisar\u00e1 y revisar\u00e1 los proyectos constructivos, preparar\u00e1 la documentaci\u00f3n necesaria y coordinar\u00e1 con todas las empresas involucradas.<\/li>\n\n\n\n<li><strong>Servicio T\u00e9cnico Especializado:<\/strong> Se ofrecer\u00e1 coordinaci\u00f3n t\u00e9cnica especializada en diversas \u00e1reas del conocimiento aeroportuario como ingenier\u00eda, mantenimiento, seguridad, operaciones, TIC y comercial. Esto garantizar\u00e1 que los proyectos cumplan con los par\u00e1metros operativos y funcionales desde su redacci\u00f3n hasta la ejecuci\u00f3n, asegurando la calidad del servicio a los pasajeros.<\/li>\n\n\n\n<li><strong>Certificaci\u00f3n BREEAM: Este<\/strong> servicio se enfocar\u00e1 en obtener la certificaci\u00f3n BREEAM\u00ae ES, asegurando que el proyecto cumpla con altos est\u00e1ndares de sostenibilidad. Incluye asesor\u00eda y consultor\u00eda para alcanzar al menos la clasificaci\u00f3n de \u00abMuy Bueno\u00bb.<\/li>\n<\/ul>\n\n\n\n<div style=\"height:32px\" aria-hidden=\"true\" class=\"wp-block-spacer\"><\/div>\n\n\n\n<p>La implementaci\u00f3n de esta soluci\u00f3n integral garantizar\u00e1 que el proyecto de remodelaci\u00f3n cumpla con los objetivos de coste, plazo y calidad, aline\u00e1ndose con las necesidades funcionales y operativas del aeropuerto. Se utilizar\u00e1 la metodolog\u00eda BIM (Building Information Modelling) para mejorar la coordinaci\u00f3n durante la fase de construcci\u00f3n, asegurando la seguridad y el control, y aumentando la eficiencia en la gesti\u00f3n y mantenimiento de la infraestructura.<\/p>",
        "protected": false
    },
    "excerpt": {
        "rendered": "<p>La Direcci\u00f3n de Infraestructuras de Aena ha iniciado el proyecto de \u00abRemodelaci\u00f3n Integral del \u00c1rea Terminal\u00bb del Aeropuerto de Tenerife Sur, con un plazo de ejecuci\u00f3n entre 2024 y 2034 y una inversi\u00f3n de m\u00e1s de 300.000.000,00 \u20ac. Viarium, en consorcio con Gesnaer, ser\u00e1n los encargados de la asistencia t\u00e9cnica de Project Management de este [&hellip;]<\/p>",
        "protected": false
    },
    "author": 1,
    "featured_media": 2205,
    "comment_status": "closed",
    "ping_status": "closed",
    "sticky": false,
    "template": "",
    "format": "standard",
    "meta": {
        "_acf_changed": false,
        "footnotes": ""
    },
    "categories": [
        22
    ],
    "tags": [],
    "class_list": [
        "post-2204",
        "post",
        "type-post",
        "status-publish",
        "format-standard",
        "has-post-thumbnail",
        "hentry",
        "category-blog"
    ],
    "acf": [],
    "yoast_head": "<!-- This site is optimized with the Yoast SEO plugin v27.4 - https:\/\/yoast.com\/product\/yoast-seo-wordpress\/ -->\n<title>Remodelaci\u00f3n integral de terminal del aeropuerto de Tenerife<\/title>\n<meta name=\"description\" content=\"La Direcci\u00f3n de Infraestructuras ha iniciado el proyecto de \u201cRemodelaci\u00f3n Integral del \u00c1rea Terminal\u201d del Aeropuerto de Tenerife Sur.\" \/>\n<meta name=\"robots\" content=\"index, follow, max-snippet:-1, max-image-preview:large, max-video-preview:-1\" \/>\n<link rel=\"canonical\" href=\"https:\/\/viariumgroup.com\/es\/blog\/remodelacion-integral-area-terminal-del-aeropuerto-de-tenerife\/\" \/>\n<meta property=\"og:locale\" content=\"es_ES\" \/>\n<meta property=\"og:type\" content=\"article\" \/>\n<meta property=\"og:title\" content=\"Remodelaci\u00f3n integral de terminal del aeropuerto de Tenerife\" \/>\n<meta property=\"og:description\" content=\"La Direcci\u00f3n de Infraestructuras ha iniciado el proyecto de \u201cRemodelaci\u00f3n Integral del \u00c1rea Terminal\u201d del Aeropuerto de Tenerife Sur.\" \/>\n<meta property=\"og:url\" content=\"https:\/\/viariumgroup.com\/es\/blog\/remodelacion-integral-area-terminal-del-aeropuerto-de-tenerife\/\" \/>\n<meta property=\"og:site_name\" content=\"Viarium\" \/>\n<meta property=\"article:published_time\" content=\"2024-07-10T11:40:34+00:00\" \/>\n<meta property=\"article:modified_time\" content=\"2024-07-10T11:40:35+00:00\" \/>\n<meta property=\"og:image\" content=\"https:\/\/viariumgroup.com\/wp-content\/uploads\/2024\/07\/23_tfs-2.png\" \/>\n\t<meta property=\"og:image:width\" content=\"604\" \/>\n\t<meta property=\"og:image:height\" content=\"375\" \/>\n\t<meta property=\"og:image:type\" content=\"image\/png\" \/>\n<meta name=\"author\" content=\"wardemsecurity\" \/>\n<meta name=\"twitter:card\" content=\"summary_large_image\" \/>\n<meta name=\"twitter:label1\" content=\"Escrito por\" \/>\n\t<meta name=\"twitter:data1\" content=\"wardemsecurity\" \/>\n\t<meta name=\"twitter:label2\" content=\"Tiempo de lectura\" \/>\n\t<meta name=\"twitter:data2\" content=\"3 minutos\" \/>\n<script type=\"application\/ld+json\" class=\"yoast-schema-graph\">{\"@context\":\"https:\\\/\\\/schema.org\",\"@graph\":[{\"@type\":\"Article\",\"@id\":\"https:\\\/\\\/viariumgroup.com\\\/blog\\\/remodelacion-integral-area-terminal-del-aeropuerto-de-tenerife\\\/#article\",\"isPartOf\":{\"@id\":\"https:\\\/\\\/viariumgroup.com\\\/blog\\\/remodelacion-integral-area-terminal-del-aeropuerto-de-tenerife\\\/\"},\"author\":{\"name\":\"wardemsecurity\",\"@id\":\"https:\\\/\\\/viariumgroup.com\\\/#\\\/schema\\\/person\\\/95d2a74046d96614551c73e1b06c5602\"},\"headline\":\"Remodelaci\u00f3n del \u00e1rea terminal del aeropuerto de Tenerife Sur\",\"datePublished\":\"2024-07-10T11:40:34+00:00\",\"dateModified\":\"2024-07-10T11:40:35+00:00\",\"mainEntityOfPage\":{\"@id\":\"https:\\\/\\\/viariumgroup.com\\\/blog\\\/remodelacion-integral-area-terminal-del-aeropuerto-de-tenerife\\\/\"},\"wordCount\":633,\"publisher\":{\"@id\":\"https:\\\/\\\/viariumgroup.com\\\/#organization\"},\"image\":{\"@id\":\"https:\\\/\\\/viariumgroup.com\\\/blog\\\/remodelacion-integral-area-terminal-del-aeropuerto-de-tenerife\\\/#primaryimage\"},\"thumbnailUrl\":\"https:\\\/\\\/viariumgroup.com\\\/wp-content\\\/uploads\\\/2024\\\/07\\\/23_tfs-2.png\",\"articleSection\":[\"Blog\"],\"inLanguage\":\"es\"},{\"@type\":\"WebPage\",\"@id\":\"https:\\\/\\\/viariumgroup.com\\\/blog\\\/remodelacion-integral-area-terminal-del-aeropuerto-de-tenerife\\\/\",\"url\":\"https:\\\/\\\/viariumgroup.com\\\/blog\\\/remodelacion-integral-area-terminal-del-aeropuerto-de-tenerife\\\/\",\"name\":\"Remodelaci\u00f3n integral de terminal del aeropuerto de Tenerife\",\"isPartOf\":{\"@id\":\"https:\\\/\\\/viariumgroup.com\\\/#website\"},\"primaryImageOfPage\":{\"@id\":\"https:\\\/\\\/viariumgroup.com\\\/blog\\\/remodelacion-integral-area-terminal-del-aeropuerto-de-tenerife\\\/#primaryimage\"},\"image\":{\"@id\":\"https:\\\/\\\/viariumgroup.com\\\/blog\\\/remodelacion-integral-area-terminal-del-aeropuerto-de-tenerife\\\/#primaryimage\"},\"thumbnailUrl\":\"https:\\\/\\\/viariumgroup.com\\\/wp-content\\\/uploads\\\/2024\\\/07\\\/23_tfs-2.png\",\"datePublished\":\"2024-07-10T11:40:34+00:00\",\"dateModified\":\"2024-07-10T11:40:35+00:00\",\"description\":\"La Direcci\u00f3n de Infraestructuras ha iniciado el proyecto de \u201cRemodelaci\u00f3n Integral del \u00c1rea Terminal\u201d del Aeropuerto de Tenerife Sur.\",\"breadcrumb\":{\"@id\":\"https:\\\/\\\/viariumgroup.com\\\/blog\\\/remodelacion-integral-area-terminal-del-aeropuerto-de-tenerife\\\/#breadcrumb\"},\"inLanguage\":\"es\",\"potentialAction\":[{\"@type\":\"ReadAction\",\"target\":[\"https:\\\/\\\/viariumgroup.com\\\/blog\\\/remodelacion-integral-area-terminal-del-aeropuerto-de-tenerife\\\/\"]}]},{\"@type\":\"ImageObject\",\"inLanguage\":\"es\",\"@id\":\"https:\\\/\\\/viariumgroup.com\\\/blog\\\/remodelacion-integral-area-terminal-del-aeropuerto-de-tenerife\\\/#primaryimage\",\"url\":\"https:\\\/\\\/viariumgroup.com\\\/wp-content\\\/uploads\\\/2024\\\/07\\\/23_tfs-2.png\",\"contentUrl\":\"https:\\\/\\\/viariumgroup.com\\\/wp-content\\\/uploads\\\/2024\\\/07\\\/23_tfs-2.png\",\"width\":604,\"height\":375,\"caption\":\"Remodelaci\u00f3n integral de terminal del aeropuerto de Tenerife\"},{\"@type\":\"BreadcrumbList\",\"@id\":\"https:\\\/\\\/viariumgroup.com\\\/blog\\\/remodelacion-integral-area-terminal-del-aeropuerto-de-tenerife\\\/#breadcrumb\",\"itemListElement\":[{\"@type\":\"ListItem\",\"position\":1,\"name\":\"Portada\",\"item\":\"https:\\\/\\\/viariumgroup.com\\\/en\\\/\"},{\"@type\":\"ListItem\",\"position\":2,\"name\":\"Remodelaci\u00f3n del \u00e1rea terminal del aeropuerto de Tenerife Sur\"}]},{\"@type\":\"WebSite\",\"@id\":\"https:\\\/\\\/viariumgroup.com\\\/#website\",\"url\":\"https:\\\/\\\/viariumgroup.com\\\/\",\"name\":\"Viarium\",\"description\":\"Viarium\",\"publisher\":{\"@id\":\"https:\\\/\\\/viariumgroup.com\\\/#organization\"},\"potentialAction\":[{\"@type\":\"SearchAction\",\"target\":{\"@type\":\"EntryPoint\",\"urlTemplate\":\"https:\\\/\\\/viariumgroup.com\\\/?s={search_term_string}\"},\"query-input\":{\"@type\":\"PropertyValueSpecification\",\"valueRequired\":true,\"valueName\":\"search_term_string\"}}],\"inLanguage\":\"es\"},{\"@type\":\"Organization\",\"@id\":\"https:\\\/\\\/viariumgroup.com\\\/#organization\",\"name\":\"Viarium\",\"url\":\"https:\\\/\\\/viariumgroup.com\\\/\",\"logo\":{\"@type\":\"ImageObject\",\"inLanguage\":\"es\",\"@id\":\"https:\\\/\\\/viariumgroup.com\\\/#\\\/schema\\\/logo\\\/image\\\/\",\"url\":\"https:\\\/\\\/viariumgroup.com\\\/wp-content\\\/uploads\\\/2026\\\/03\\\/LOGO-VIARIUM-WHITE2.png\",\"contentUrl\":\"https:\\\/\\\/viariumgroup.com\\\/wp-content\\\/uploads\\\/2026\\\/03\\\/LOGO-VIARIUM-WHITE2.png\",\"width\":1662,\"height\":829,\"caption\":\"Viarium\"},\"image\":{\"@id\":\"https:\\\/\\\/viariumgroup.com\\\/#\\\/schema\\\/logo\\\/image\\\/\"}},{\"@type\":\"Person\",\"@id\":\"https:\\\/\\\/viariumgroup.com\\\/#\\\/schema\\\/person\\\/95d2a74046d96614551c73e1b06c5602\",\"name\":\"wardemsecurity\",\"image\":{\"@type\":\"ImageObject\",\"inLanguage\":\"es\",\"@id\":\"https:\\\/\\\/secure.gravatar.com\\\/avatar\\\/b08297bf8560942e795c323c2937a7e95328f549fbda1c842ed883cb0b5a8aad?s=96&d=mm&r=g\",\"url\":\"https:\\\/\\\/secure.gravatar.com\\\/avatar\\\/b08297bf8560942e795c323c2937a7e95328f549fbda1c842ed883cb0b5a8aad?s=96&d=mm&r=g\",\"contentUrl\":\"https:\\\/\\\/secure.gravatar.com\\\/avatar\\\/b08297bf8560942e795c323c2937a7e95328f549fbda1c842ed883cb0b5a8aad?s=96&d=mm&r=g\",\"caption\":\"wardemsecurity\"},\"sameAs\":[\"https:\\\/\\\/viariumgroup.com\"]}]}<\/script>\n<!-- \/ Yoast SEO plugin. -->",
    "yoast_head_json": {
        "title": "Remodelaci\u00f3n integral de terminal del aeropuerto de Tenerife",
        "description": "La Direcci\u00f3n de Infraestructuras ha iniciado el proyecto de \u201cRemodelaci\u00f3n Integral del \u00c1rea Terminal\u201d del Aeropuerto de Tenerife Sur.",
        "robots": {
            "index": "index",
            "follow": "follow",
            "max-snippet": "max-snippet:-1",
            "max-image-preview": "max-image-preview:large",
            "max-video-preview": "max-video-preview:-1"
        },
        "canonical": "https:\/\/viariumgroup.com\/es\/blog\/remodelacion-integral-area-terminal-del-aeropuerto-de-tenerife\/",
        "og_locale": "es_ES",
        "og_type": "article",
        "og_title": "Remodelaci\u00f3n integral de terminal del aeropuerto de Tenerife",
        "og_description": "La Direcci\u00f3n de Infraestructuras ha iniciado el proyecto de \u201cRemodelaci\u00f3n Integral del \u00c1rea Terminal\u201d del Aeropuerto de Tenerife Sur.",
        "og_url": "https:\/\/viariumgroup.com\/es\/blog\/remodelacion-integral-area-terminal-del-aeropuerto-de-tenerife\/",
        "og_site_name": "Viarium",
        "article_published_time": "2024-07-10T11:40:34+00:00",
        "article_modified_time": "2024-07-10T11:40:35+00:00",
        "og_image": [
            {
                "width": 604,
                "height": 375,
                "url": "https:\/\/viariumgroup.com\/wp-content\/uploads\/2024\/07\/23_tfs-2.png",
                "type": "image\/png"
            }
        ],
        "author": "wardemsecurity",
        "twitter_card": "summary_large_image",
        "twitter_misc": {
            "Escrito por": "wardemsecurity",
            "Tiempo de lectura": "3 minutos"
        },
        "schema": {
            "@context": "https:\/\/schema.org",
            "@graph": [
                {
                    "@type": "Article",
                    "@id": "https:\/\/viariumgroup.com\/blog\/remodelacion-integral-area-terminal-del-aeropuerto-de-tenerife\/#article",
                    "isPartOf": {
                        "@id": "https:\/\/viariumgroup.com\/blog\/remodelacion-integral-area-terminal-del-aeropuerto-de-tenerife\/"
                    },
                    "author": {
                        "name": "wardemsecurity",
                        "@id": "https:\/\/viariumgroup.com\/#\/schema\/person\/95d2a74046d96614551c73e1b06c5602"
                    },
                    "headline": "Remodelaci\u00f3n del \u00e1rea terminal del aeropuerto de Tenerife Sur",
                    "datePublished": "2024-07-10T11:40:34+00:00",
                    "dateModified": "2024-07-10T11:40:35+00:00",
                    "mainEntityOfPage": {
                        "@id": "https:\/\/viariumgroup.com\/blog\/remodelacion-integral-area-terminal-del-aeropuerto-de-tenerife\/"
                    },
                    "wordCount": 633,
                    "publisher": {
                        "@id": "https:\/\/viariumgroup.com\/#organization"
                    },
                    "image": {
                        "@id": "https:\/\/viariumgroup.com\/blog\/remodelacion-integral-area-terminal-del-aeropuerto-de-tenerife\/#primaryimage"
                    },
                    "thumbnailUrl": "https:\/\/viariumgroup.com\/wp-content\/uploads\/2024\/07\/23_tfs-2.png",
                    "articleSection": [
                        "Blog"
                    ],
                    "inLanguage": "es"
                },
                {
                    "@type": "WebPage",
                    "@id": "https:\/\/viariumgroup.com\/blog\/remodelacion-integral-area-terminal-del-aeropuerto-de-tenerife\/",
                    "url": "https:\/\/viariumgroup.com\/blog\/remodelacion-integral-area-terminal-del-aeropuerto-de-tenerife\/",
                    "name": "Remodelaci\u00f3n integral de terminal del aeropuerto de Tenerife",
                    "isPartOf": {
                        "@id": "https:\/\/viariumgroup.com\/#website"
                    },
                    "primaryImageOfPage": {
                        "@id": "https:\/\/viariumgroup.com\/blog\/remodelacion-integral-area-terminal-del-aeropuerto-de-tenerife\/#primaryimage"
                    },
                    "image": {
                        "@id": "https:\/\/viariumgroup.com\/blog\/remodelacion-integral-area-terminal-del-aeropuerto-de-tenerife\/#primaryimage"
                    },
                    "thumbnailUrl": "https:\/\/viariumgroup.com\/wp-content\/uploads\/2024\/07\/23_tfs-2.png",
                    "datePublished": "2024-07-10T11:40:34+00:00",
                    "dateModified": "2024-07-10T11:40:35+00:00",
                    "description": "La Direcci\u00f3n de Infraestructuras ha iniciado el proyecto de \u201cRemodelaci\u00f3n Integral del \u00c1rea Terminal\u201d del Aeropuerto de Tenerife Sur.",
                    "breadcrumb": {
                        "@id": "https:\/\/viariumgroup.com\/blog\/remodelacion-integral-area-terminal-del-aeropuerto-de-tenerife\/#breadcrumb"
                    },
                    "inLanguage": "es",
                    "potentialAction": [
                        {
                            "@type": "ReadAction",
                            "target": [
                                "https:\/\/viariumgroup.com\/blog\/remodelacion-integral-area-terminal-del-aeropuerto-de-tenerife\/"
                            ]
                        }
                    ]
                },
                {
                    "@type": "ImageObject",
                    "inLanguage": "es",
                    "@id": "https:\/\/viariumgroup.com\/blog\/remodelacion-integral-area-terminal-del-aeropuerto-de-tenerife\/#primaryimage",
                    "url": "https:\/\/viariumgroup.com\/wp-content\/uploads\/2024\/07\/23_tfs-2.png",
                    "contentUrl": "https:\/\/viariumgroup.com\/wp-content\/uploads\/2024\/07\/23_tfs-2.png",
                    "width": 604,
                    "height": 375,
                    "caption": "Remodelaci\u00f3n integral de terminal del aeropuerto de Tenerife"
                },
                {
                    "@type": "BreadcrumbList",
                    "@id": "https:\/\/viariumgroup.com\/blog\/remodelacion-integral-area-terminal-del-aeropuerto-de-tenerife\/#breadcrumb",
                    "itemListElement": [
                        {
                            "@type": "ListItem",
                            "position": 1,
                            "name": "Portada",
                            "item": "https:\/\/viariumgroup.com\/en\/"
                        },
                        {
                            "@type": "ListItem",
                            "position": 2,
                            "name": "Remodelaci\u00f3n del \u00e1rea terminal del aeropuerto de Tenerife Sur"
                        }
                    ]
                },
                {
                    "@type": "WebSite",
                    "@id": "https:\/\/viariumgroup.com\/#website",
                    "url": "https:\/\/viariumgroup.com\/",
                    "name": "Viarium",
                    "description": "Viarium",
                    "publisher": {
                        "@id": "https:\/\/viariumgroup.com\/#organization"
                    },
                    "potentialAction": [
                        {
                            "@type": "SearchAction",
                            "target": {
                                "@type": "EntryPoint",
                                "urlTemplate": "https:\/\/viariumgroup.com\/?s={search_term_string}"
                            },
                            "query-input": {
                                "@type": "PropertyValueSpecification",
                                "valueRequired": true,
                                "valueName": "search_term_string"
                            }
                        }
                    ],
                    "inLanguage": "es"
                },
                {
                    "@type": "Organization",
                    "@id": "https:\/\/viariumgroup.com\/#organization",
                    "name": "Viarium",
                    "url": "https:\/\/viariumgroup.com\/",
                    "logo": {
                        "@type": "ImageObject",
                        "inLanguage": "es",
                        "@id": "https:\/\/viariumgroup.com\/#\/schema\/logo\/image\/",
                        "url": "https:\/\/viariumgroup.com\/wp-content\/uploads\/2026\/03\/LOGO-VIARIUM-WHITE2.png",
                        "contentUrl": "https:\/\/viariumgroup.com\/wp-content\/uploads\/2026\/03\/LOGO-VIARIUM-WHITE2.png",
                        "width": 1662,
                        "height": 829,
                        "caption": "Viarium"
                    },
                    "image": {
                        "@id": "https:\/\/viariumgroup.com\/#\/schema\/logo\/image\/"
                    }
                },
                {
                    "@type": "Person",
                    "@id": "https:\/\/viariumgroup.com\/#\/schema\/person\/95d2a74046d96614551c73e1b06c5602",
                    "name": "wardemsecurity",
                    "image": {
                        "@type": "ImageObject",
                        "inLanguage": "es",
                        "@id": "https:\/\/secure.gravatar.com\/avatar\/b08297bf8560942e795c323c2937a7e95328f549fbda1c842ed883cb0b5a8aad?s=96&d=mm&r=g",
                        "url": "https:\/\/secure.gravatar.com\/avatar\/b08297bf8560942e795c323c2937a7e95328f549fbda1c842ed883cb0b5a8aad?s=96&d=mm&r=g",
                        "contentUrl": "https:\/\/secure.gravatar.com\/avatar\/b08297bf8560942e795c323c2937a7e95328f549fbda1c842ed883cb0b5a8aad?s=96&d=mm&r=g",
                        "caption": "wardemsecurity"
                    },
                    "sameAs": [
                        "https:\/\/viariumgroup.com"
                    ]
                }
            ]
        }
    },
    "_links": {
        "self": [
            {
                "href": "https:\/\/viariumgroup.com\/es\/wp-json\/wp\/v2\/posts\/2204",
                "targetHints": {
                    "allow": [
                        "GET"
                    ]
                }
            }
        ],
        "collection": [
            {
                "href": "https:\/\/viariumgroup.com\/es\/wp-json\/wp\/v2\/posts"
            }
        ],
        "about": [
            {
                "href": "https:\/\/viariumgroup.com\/es\/wp-json\/wp\/v2\/types\/post"
            }
        ],
        "author": [
            {
                "embeddable": true,
                "href": "https:\/\/viariumgroup.com\/es\/wp-json\/wp\/v2\/users\/1"
            }
        ],
        "replies": [
            {
                "embeddable": true,
                "href": "https:\/\/viariumgroup.com\/es\/wp-json\/wp\/v2\/comments?post=2204"
            }
        ],
        "version-history": [
            {
                "count": 1,
                "href": "https:\/\/viariumgroup.com\/es\/wp-json\/wp\/v2\/posts\/2204\/revisions"
            }
        ],
        "predecessor-version": [
            {
                "id": 2206,
                "href": "https:\/\/viariumgroup.com\/es\/wp-json\/wp\/v2\/posts\/2204\/revisions\/2206"
            }
        ],
        "wp:featuredmedia": [
            {
                "embeddable": true,
                "href": "https:\/\/viariumgroup.com\/es\/wp-json\/wp\/v2\/media\/2205"
            }
        ],
        "wp:attachment": [
            {
                "href": "https:\/\/viariumgroup.com\/es\/wp-json\/wp\/v2\/media?parent=2204"
            }
        ],
        "wp:term": [
            {
                "taxonomy": "category",
                "embeddable": true,
                "href": "https:\/\/viariumgroup.com\/es\/wp-json\/wp\/v2\/categories?post=2204"
            },
            {
                "taxonomy": "post_tag",
                "embeddable": true,
                "href": "https:\/\/viariumgroup.com\/es\/wp-json\/wp\/v2\/tags?post=2204"
            }
        ],
        "curies": [
            {
                "name": "wp",
                "href": "https:\/\/api.w.org\/{rel}",
                "templated": true
            }
        ]
    }
}